{"id":353,"date":"2022-09-09T20:34:00","date_gmt":"2022-09-09T18:34:00","guid":{"rendered":"http:\/\/seibukan-verband.de\/blog\/?p=353"},"modified":"2023-08-15T10:28:48","modified_gmt":"2023-08-15T08:28:48","slug":"09-09-2023-lehrgang-techniken-und-formen-des-shaolin-kempo-shorin-kempo-ryu","status":"publish","type":"post","link":"http:\/\/seibukan-verband.de\/blog\/2022\/09\/09-09-2023-lehrgang-techniken-und-formen-des-shaolin-kempo-shorin-kempo-ryu\/","title":{"rendered":"09.09.2023 Lehrgang Techniken und Formen des Shaolin Kempo \/ Shorin Kempo Ryu"},"content":{"rendered":"\n<p>Der Verein Shaolin-Kempo-Karate Bad Bentheim e.V. feiert sein f\u00fcnfj\u00e4hriges Bestehen. Seit der Vereinsgr\u00fcndung 2018 konnten zahlreiche Interessenten an die Kampfkunst Shaolin Kempo \/ Shorin Kempo Ryu herangef\u00fchrt und unterrichtet werden. Der stete Anstieg der Vereinsmitglieder zeugt nicht nur f\u00fcr eine hohe Ausbildungsqualit\u00e4t oder einen sehr guten Zusammenhalt untereinander, sondern aber auch f\u00fcr ein wachsendes Interesse f\u00fcr diese Sportart in der Bev\u00f6lkerung.<\/p>\n\n\n\n<p>Das Vereinsjubil\u00e4um wollen wir gerne mit Euch im Rahmen eines gemeinsamen Lehrganges feiern. Behandelt wird das Thema&nbsp;<strong><em>Techniken und Formen des Shaolin Kempo \/ Shorin Kempo Ryu<\/em><\/strong>. Dieser Lehrgang ist kostenfrei \u2013 aber nicht umsonst: Ziel und Zweck ist es gemeinsam zu trainieren, die Kampfkunst-Familie im Allgemeinen noch weiter zu einigen, \u00fcber den Tellerrand hinaus zu schauen sowie die Stilrichtung auszugsweise vorzustellen und auf Gemeinsamkeiten mit bzw. aus anderen Stilrichtungen hinzuweisen. Die Teilnehmer haben die M\u00f6glichkeit einer freiwilligen Spende: der gesamte Erl\u00f6s ist f\u00fcr die Kinder- und Jugendabteilung des Vereins bestimmt.&nbsp;<\/p>\n\n\n\n<p>Wir w\u00fcrden uns sehr freuen, an diesem Tag mit m\u00f6glichst vielen gemeinsam zu trainieren und sich auszutauschen. Seid also auch Ihr mit Euren Sch\u00fclern dabei \u2013 ganz im Sinne der Einigung und des Miteinander \u2013 hierzu laden wir Euch herzlichst ein!<\/p>\n\n\n\n<p>Hier die Eckdaten in aller K\u00fcrze:<\/p>\n\n\n\n<p>Datum:&nbsp;&nbsp;&nbsp;&nbsp;&nbsp;&nbsp;&nbsp;&nbsp;&nbsp;&nbsp;&nbsp; 09.09.2023<\/p>\n\n\n\n<p>Ort:&nbsp;&nbsp;&nbsp;&nbsp;&nbsp;&nbsp;&nbsp;&nbsp;&nbsp;&nbsp;&nbsp;&nbsp;&nbsp;&nbsp;&nbsp;&nbsp; 48455 Bad Bentheim<\/p>\n\n\n\n<p>&nbsp;&nbsp;&nbsp;&nbsp;&nbsp;&nbsp;&nbsp;&nbsp;&nbsp;&nbsp;&nbsp;&nbsp;&nbsp;&nbsp;&nbsp;&nbsp;&nbsp;&nbsp;&nbsp;&nbsp;&nbsp;&nbsp;&nbsp; Sch\u00fcrkamp 13<\/p>\n\n\n\n<p>Uhrzeit:&nbsp;&nbsp;&nbsp;&nbsp;&nbsp;&nbsp;&nbsp;&nbsp;&nbsp;&nbsp; 15:00 \u2013 18:00 Uhr<\/p>\n\n\n\n<p>Art:&nbsp;&nbsp;&nbsp;&nbsp;&nbsp;&nbsp;&nbsp;&nbsp;&nbsp;&nbsp;&nbsp;&nbsp;&nbsp;&nbsp;&nbsp;&nbsp; Stilrichtungs- und verbandsoffen<\/p>\n\n\n\n<p>Teilnehmer:&nbsp;&nbsp;&nbsp;&nbsp; Alle Kampfkunstinteressierten mit Grundkenntnissen<\/p>\n\n\n\n<p>Mitzubringen: gute Laune, die eigene Kampfsportbekleidung (nach Stil),&nbsp;<\/p>\n\n\n\n<p>Eine kleine Auswahl an Getr\u00e4nken und Snacks wird angeboten.<\/p>\n\n\n\n<p>Zwecks Organisation und Planung w\u00fcrden wir um eine kurze R\u00fcckmeldung bitten, ob wir Euch und mit wie vielen Teilnehmen an diesem Tag begr\u00fc\u00dfen d\u00fcrfen.&nbsp;<\/p>\n\n\n\n<p>Viele Gr\u00fc\u00dfe,<\/p>\n\n\n\n<p>Thomas Kuclo<\/p>\n\n\n\n<p>1.\u00a0\u00a0\u00a0\u00a0\u00a0Vorsitzender<\/p>\n\n\n\n<figure class=\"wp-block-image size-large\"><img loading=\"lazy\" decoding=\"async\" width=\"724\" height=\"1024\" src=\"http:\/\/seibukan-verband.de\/blog\/wp-content\/uploads\/2023\/08\/2023-Jubilaeum-5-Jahre-724x1024.jpg\" alt=\"\" class=\"wp-image-356\" srcset=\"http:\/\/seibukan-verband.de\/blog\/wp-content\/uploads\/2023\/08\/2023-Jubilaeum-5-Jahre-724x1024.jpg 724w, http:\/\/seibukan-verband.de\/blog\/wp-content\/uploads\/2023\/08\/2023-Jubilaeum-5-Jahre-212x300.jpg 212w, http:\/\/seibukan-verband.de\/blog\/wp-content\/uploads\/2023\/08\/2023-Jubilaeum-5-Jahre-768x1086.jpg 768w, http:\/\/seibukan-verband.de\/blog\/wp-content\/uploads\/2023\/08\/2023-Jubilaeum-5-Jahre-1086x1536.jpg 1086w, http:\/\/seibukan-verband.de\/blog\/wp-content\/uploads\/2023\/08\/2023-Jubilaeum-5-Jahre-1448x2048.jpg 1448w, http:\/\/seibukan-verband.de\/blog\/wp-content\/uploads\/2023\/08\/2023-Jubilaeum-5-Jahre-scaled.jpg 1810w\" sizes=\"auto, (max-width: 724px) 100vw, 724px\" \/><\/figure>\n","protected":false},"excerpt":{"rendered":"<p>Der Verein Shaolin-Kempo-Karate Bad Bentheim e.V. feiert sein f\u00fcnfj\u00e4hriges Bestehen. Seit der Vereinsgr\u00fcndung 2018 konnten zahlreiche Interessenten an die Kampfkunst Shaolin Kempo \/ Shorin Kempo Ryu herangef\u00fchrt und unterrichtet werden. Der stete Anstieg der Vereinsmitglieder zeugt nicht nur f\u00fcr eine hohe Ausbildungsqualit\u00e4t oder einen sehr guten Zusammenhalt untereinander, sondern aber auch f\u00fcr ein wachsendes Interesse &hellip; <\/p>\n<p class=\"link-more\"><a href=\"http:\/\/seibukan-verband.de\/blog\/2022\/09\/09-09-2023-lehrgang-techniken-und-formen-des-shaolin-kempo-shorin-kempo-ryu\/\" class=\"more-link\"><span class=\"screen-reader-text\">\u201e09.09.2023 Lehrgang Techniken und Formen des Shaolin Kempo \/ Shorin Kempo Ryu\u201c <\/span>weiterlesen<\/a><\/p>\n","protected":false},"author":3,"featured_media":0,"comment_status":"open","ping_status":"open","sticky":false,"template":"","format":"standard","meta":{"footnotes":""},"categories":[4],"tags":[],"class_list":["post-353","post","type-post","status-publish","format-standard","hentry","category-veranstaltung"],"_links":{"self":[{"href":"http:\/\/seibukan-verband.de\/blog\/wp-json\/wp\/v2\/posts\/353","targetHints":{"allow":["GET"]}}],"collection":[{"href":"http:\/\/seibukan-verband.de\/blog\/wp-json\/wp\/v2\/posts"}],"about":[{"href":"http:\/\/seibukan-verband.de\/blog\/wp-json\/wp\/v2\/types\/post"}],"author":[{"embeddable":true,"href":"http:\/\/seibukan-verband.de\/blog\/wp-json\/wp\/v2\/users\/3"}],"replies":[{"embeddable":true,"href":"http:\/\/seibukan-verband.de\/blog\/wp-json\/wp\/v2\/comments?post=353"}],"version-history":[{"count":4,"href":"http:\/\/seibukan-verband.de\/blog\/wp-json\/wp\/v2\/posts\/353\/revisions"}],"predecessor-version":[{"id":359,"href":"http:\/\/seibukan-verband.de\/blog\/wp-json\/wp\/v2\/posts\/353\/revisions\/359"}],"wp:attachment":[{"href":"http:\/\/seibukan-verband.de\/blog\/wp-json\/wp\/v2\/media?parent=353"}],"wp:term":[{"taxonomy":"category","embeddable":true,"href":"http:\/\/seibukan-verband.de\/blog\/wp-json\/wp\/v2\/categories?post=353"},{"taxonomy":"post_tag","embeddable":true,"href":"http:\/\/seibukan-verband.de\/blog\/wp-json\/wp\/v2\/tags?post=353"}],"curies":[{"name":"wp","href":"https:\/\/api.w.org\/{rel}","templated":true}]}}